{"id":575,"date":"2026-01-12T18:38:02","date_gmt":"2026-01-12T17:38:02","guid":{"rendered":"https:\/\/eaudelure.org\/?p=575"},"modified":"2026-01-12T18:38:02","modified_gmt":"2026-01-12T17:38:02","slug":"eau-en-danger-democratie-bafouee","status":"publish","type":"post","link":"https:\/\/eaudelure.org\/index.php\/2026\/01\/12\/eau-en-danger-democratie-bafouee\/","title":{"rendered":"Eau en danger, d\u00e9mocratie bafou\u00e9e&nbsp;!"},"content":{"rendered":"<h4>Nous relayons ce communiqu\u00e9 publi\u00e9 sur le site de la Coordination EAU-\u00cele-de-France. Il d\u00e9nonce une d\u00e9cision administrative portant atteinte \u00e0 la gestion d\u00e9mocratique de l&rsquo;eau. Bien qu&rsquo;\u00e9loign\u00e9 de notre territoire, ce sujet d&rsquo;int\u00e9r\u00eat g\u00e9n\u00e9ral nous interpelle aussi.<\/h4>\n<p>Un communiqu\u00e9 d\u2019Eau Secours 31, du Collectif Eau 88, de Vosges Nature Environnement, du Mouvement National de Lutte pour l\u2019Environnement (MNLE), du Collectif Bassines Non Merci 79, d\u2019Eau publique Orge Essonne, du Collectif Eau\u2019bervilliers et de la Coordination EAU \u00cele-de-France, organisations membres du Forum des mouvements de l\u2019eau.<\/p>\n<h4><img loading=\"lazy\" decoding=\"async\" class=\"alignleft wp-image-24630 size-full\" src=\"https:\/\/i0.wp.com\/eau-iledefrance.fr\/wp-content\/uploads\/2026\/01\/CP-Defendons-nos-Communs-versionsite-web.jpg?resize=474%2C451&amp;ssl=1\" sizes=\"auto, (max-width: 474px) 100vw, 474px\" srcset=\"https:\/\/i0.wp.com\/eau-iledefrance.fr\/wp-content\/uploads\/2026\/01\/CP-Defendons-nos-Communs-versionsite-web.jpg?w=735&amp;ssl=1 735w, https:\/\/i0.wp.com\/eau-iledefrance.fr\/wp-content\/uploads\/2026\/01\/CP-Defendons-nos-Communs-versionsite-web.jpg?resize=300%2C285&amp;ssl=1 300w\" alt=\"\" width=\"474\" height=\"451\" data-recalc-dims=\"1\" data-attachment-id=\"24630\" data-permalink=\"https:\/\/eau-iledefrance.fr\/defendons-nos-communs\/cp-defendons-nos-communs-versionsite-web\/\" data-orig-file=\"https:\/\/i0.wp.com\/eau-iledefrance.fr\/wp-content\/uploads\/2026\/01\/CP-Defendons-nos-Communs-versionsite-web.jpg?fit=735%2C699&amp;ssl=1\" data-orig-size=\"735,699\" data-comments-opened=\"1\" data-image-meta=\"{&quot;aperture&quot;:&quot;0&quot;,&quot;credit&quot;:&quot;&quot;,&quot;camera&quot;:&quot;&quot;,&quot;caption&quot;:&quot;&quot;,&quot;created_timestamp&quot;:&quot;0&quot;,&quot;copyright&quot;:&quot;&quot;,&quot;focal_length&quot;:&quot;0&quot;,&quot;iso&quot;:&quot;0&quot;,&quot;shutter_speed&quot;:&quot;0&quot;,&quot;title&quot;:&quot;&quot;,&quot;orientation&quot;:&quot;0&quot;}\" data-image-title=\"CP D\u00e9fendons nos Communs versionsite web\" data-image-description=\"\" data-image-caption=\"\" data-medium-file=\"https:\/\/i0.wp.com\/eau-iledefrance.fr\/wp-content\/uploads\/2026\/01\/CP-Defendons-nos-Communs-versionsite-web.jpg?fit=300%2C285&amp;ssl=1\" data-large-file=\"https:\/\/i0.wp.com\/eau-iledefrance.fr\/wp-content\/uploads\/2026\/01\/CP-Defendons-nos-Communs-versionsite-web.jpg?fit=474%2C451&amp;ssl=1\" \/><\/h4>\n<p>&nbsp;<\/p>\n<p>&nbsp;<\/p>\n<h4><\/h4>\n<h4><\/h4>\n<h4><\/h4>\n<h4><\/h4>\n<h4><\/h4>\n<h4><\/h4>\n<h4><\/h4>\n<h4><\/h4>\n<h4><\/h4>\n<p>Un lien vers le site incontournable de la Coordination EAU-\u00cele-de-France, <a href=\"https:\/\/eau-iledefrance.fr\/\" target=\"_blank\" rel=\"noopener\">ici<\/a>.<\/p>\n<p>Et <a href=\"https:\/\/eau-iledefrance.fr\/appel-pour-un-forum-des-mouvements-de-leau\/\" target=\"_blank\" rel=\"noopener\">cette information<\/a> sur le Forum des mouvements de l&rsquo;eau et ses signataires.<\/p>\n<p>&nbsp;<\/p>\n","protected":false},"excerpt":{"rendered":"<p>Eau en danger, d\u00e9mocratie bafou\u00e9e&nbsp;! Nous relayons un communiqu\u00e9 de plusieurs organisations membres du Forum des mouvements de l\u2019eau, publi\u00e9 sur le site de la Coordination EAU-\u00cele-de-France. Ce communiqu\u00e9 d\u00e9nonce une d\u00e9cision administrative portant atteinte \u00e0 la gestion d\u00e9mocratique de l&rsquo;eau. Bien qu&rsquo;\u00e9loign\u00e9 de notre territoire, ce sujet d&rsquo;int\u00e9r\u00eat g\u00e9n\u00e9ral nous interpelle aussi.<\/p>\n","protected":false},"author":3,"featured_media":505,"comment_status":"open","ping_status":"closed","sticky":false,"template":"","format":"standard","meta":{"advanced_seo_description":"","jetpack_seo_html_title":"","jetpack_seo_noindex":false,"jetpack_post_was_ever_published":false,"_jetpack_newsletter_access":"","_jetpack_dont_email_post_to_subs":false,"_jetpack_newsletter_tier_id":0,"_jetpack_memberships_contains_paywalled_content":false,"_jetpack_memberships_contains_paid_content":false,"footnotes":"","jetpack_publicize_message":"","jetpack_publicize_feature_enabled":true,"jetpack_social_post_already_shared":true,"jetpack_social_options":{"image_generator_settings":{"template":"highway","default_image_id":0,"font":"","enabled":false},"version":2}},"categories":[13],"tags":[],"class_list":["post-575","post","type-post","status-publish","format-standard","has-post-thumbnail","hentry","category-info"],"jetpack_publicize_connections":[],"jetpack_featured_media_url":"https:\/\/i0.wp.com\/eaudelure.org\/wp-content\/uploads\/2025\/11\/DSC03448.2-scaled.jpg?fit=2560%2C1276&ssl=1","jetpack_sharing_enabled":true,"_links":{"self":[{"href":"https:\/\/eaudelure.org\/index.php\/wp-json\/wp\/v2\/posts\/575","targetHints":{"allow":["GET"]}}],"collection":[{"href":"https:\/\/eaudelure.org\/index.php\/wp-json\/wp\/v2\/posts"}],"about":[{"href":"https:\/\/eaudelure.org\/index.php\/wp-json\/wp\/v2\/types\/post"}],"author":[{"embeddable":true,"href":"https:\/\/eaudelure.org\/index.php\/wp-json\/wp\/v2\/users\/3"}],"replies":[{"embeddable":true,"href":"https:\/\/eaudelure.org\/index.php\/wp-json\/wp\/v2\/comments?post=575"}],"version-history":[{"count":7,"href":"https:\/\/eaudelure.org\/index.php\/wp-json\/wp\/v2\/posts\/575\/revisions"}],"predecessor-version":[{"id":582,"href":"https:\/\/eaudelure.org\/index.php\/wp-json\/wp\/v2\/posts\/575\/revisions\/582"}],"wp:featuredmedia":[{"embeddable":true,"href":"https:\/\/eaudelure.org\/index.php\/wp-json\/wp\/v2\/media\/505"}],"wp:attachment":[{"href":"https:\/\/eaudelure.org\/index.php\/wp-json\/wp\/v2\/media?parent=575"}],"wp:term":[{"taxonomy":"category","embeddable":true,"href":"https:\/\/eaudelure.org\/index.php\/wp-json\/wp\/v2\/categories?post=575"},{"taxonomy":"post_tag","embeddable":true,"href":"https:\/\/eaudelure.org\/index.php\/wp-json\/wp\/v2\/tags?post=575"}],"curies":[{"name":"wp","href":"https:\/\/api.w.org\/{rel}","templated":true}]}}